{"id":10398,"date":"2024-04-24T20:23:37","date_gmt":"2024-04-24T23:23:37","guid":{"rendered":"https:\/\/transparenciaelectoral.org\/blog\/?p=10398"},"modified":"2025-07-27T01:53:26","modified_gmt":"2025-07-27T04:53:26","slug":"libro-asi-se-vota-en-cuba","status":"publish","type":"post","link":"https:\/\/transparenciaelectoral.org\/blog\/libro-asi-se-vota-en-cuba\/","title":{"rendered":"Libro \u00abAs\u00ed se vota en Cuba\u00bb"},"content":{"rendered":"\n<p>En esta obra, Leandro Querido, fundador de Transparencia Electoral, ofrece un profundo an\u00e1lisis del sistema electoral cubano en el marco del proceso electoral de la isla en 2017 y 2018, que permite votar, pero no elegir. Una normativa dise\u00f1ada a la medida de los objetivos del r\u00e9gimen, que no admite competencia partidaria m\u00e1s all\u00e1 del partido comunista de Cuba.<\/p>\n\n\n\n<p>En Cuba la participaci\u00f3n de la vida pol\u00edtica se reduce a las asambleas de nominaci\u00f3n de candidaturas, donde son propuestos los candidatos a las asambleas municipales. A lo largo de la historia se ha impedido de diferentes formas la participaci\u00f3n de disidentes en este proceso, por lo que es de esperar que nunca haya sido electo un candidato independiente.&nbsp;<\/p>\n\n\n\n<p>\u201cLa Cuba revolucionaria de Fidel y Ra\u00fal Castro se basa en un sistema legal en el cual los derechos democr\u00e1ticos fundamentales, como la libertad de expresi\u00f3n, asociaci\u00f3n, reuni\u00f3n y participaci\u00f3n pol\u00edtica, est\u00e1n tipificados como delitos\u201d adelanta Gabriel C. Salvia, Director General del Centro para la Apertura y el Desarrollo de Am\u00e9rica Latina (CADAL), en la presentaci\u00f3n de este libro.<\/p>\n\n\n\n<p>Adem\u00e1s, la obra cuenta con el pr\u00f3logo de Armando Chaguaceda, polit\u00f3logo e historiador cubano: \u201cEn Latinoam\u00e9rica el campo de la pol\u00edtica est\u00e1 a\u00fan abierto\u2014y abri\u00e9ndose\u2014, pese a las asimetr\u00edas que afectan el actuar ciudadano. Pero en Cuba queda, simplemente, un grupo aferrado al poder que administra los derechos ajenos\u201d menciona.\u00a0<\/p>\n\n\n\n<div class=\"wp-block-buttons is-layout-flex wp-block-buttons-is-layout-flex\">\n<div class=\"wp-block-button\"><a class=\"wp-block-button__link wp-element-button\" href=\"https:\/\/transparenciaelectoral.org\/blog\/wp-content\/uploads\/2018\/05\/Asi_se_vota_en_Cuba-1.pdf\" target=\"_blank\" rel=\"noreferrer noopener\">DESCARGAR<\/a><\/div>\n<\/div>\n","protected":false},"excerpt":{"rendered":"<p>En esta obra, Leandro Querido, fundador de Transparencia Electoral, ofrece un profundo an\u00e1lisis del sistema electoral cubano en el marco del proceso electoral de la isla en 2017 y 2018, que permite votar, pero no elegir. Una normativa dise\u00f1ada a la medida de los objetivos del r\u00e9gimen, que no admite competencia partidaria m\u00e1s all\u00e1 del &hellip;<\/p>\n","protected":false},"author":6,"featured_media":10009,"comment_status":"closed","ping_status":"open","sticky":false,"template":"","format":"standard","meta":{"footnotes":""},"categories":[233],"tags":[],"class_list":["post-10398","post","type-post","status-publish","format-standard","has-post-thumbnail","hentry","category-documentos-de-interes"],"yoast_head":"<!-- This site is optimized with the Yoast SEO plugin v27.4 - https:\/\/yoast.com\/product\/yoast-seo-wordpress\/ -->\n<title>Libro &quot;As\u00ed se vota en Cuba&quot; - Transparencia Electoral<\/title>\n<meta name=\"robots\" content=\"index, follow, max-snippet:-1, max-image-preview:large, max-video-preview:-1\" \/>\n<link rel=\"canonical\" href=\"https:\/\/transparenciaelectoral.org\/blog\/libro-asi-se-vota-en-cuba\/\" \/>\n<meta property=\"og:locale\" content=\"es_ES\" \/>\n<meta property=\"og:type\" content=\"article\" \/>\n<meta property=\"og:title\" content=\"Libro &quot;As\u00ed se vota en Cuba&quot; - Transparencia Electoral\" \/>\n<meta property=\"og:description\" content=\"En esta obra, Leandro Querido, fundador de Transparencia Electoral, ofrece un profundo an\u00e1lisis del sistema electoral cubano en el marco del proceso electoral de la isla en 2017 y 2018, que permite votar, pero no elegir. Una normativa dise\u00f1ada a la medida de los objetivos del r\u00e9gimen, que no admite competencia partidaria m\u00e1s all\u00e1 del &hellip;\" \/>\n<meta property=\"og:url\" content=\"https:\/\/transparenciaelectoral.org\/blog\/libro-asi-se-vota-en-cuba\/\" \/>\n<meta property=\"og:site_name\" content=\"Transparencia Electoral\" \/>\n<meta property=\"article:publisher\" content=\"https:\/\/www.facebook.com\/Transparencia-Electoral-en-Am%c3%a9rica-latina-171661009688456\/\" \/>\n<meta property=\"article:published_time\" content=\"2024-04-24T23:23:37+00:00\" \/>\n<meta property=\"article:modified_time\" content=\"2025-07-27T04:53:26+00:00\" \/>\n<meta property=\"og:image\" content=\"https:\/\/transparenciaelectoral.org\/blog\/wp-content\/uploads\/2024\/01\/l2-1.png\" \/>\n\t<meta property=\"og:image:width\" content=\"1080\" \/>\n\t<meta property=\"og:image:height\" content=\"1080\" \/>\n\t<meta property=\"og:image:type\" content=\"image\/png\" \/>\n<meta name=\"author\" content=\"Transparencia Electoral\" \/>\n<meta name=\"twitter:card\" content=\"summary_large_image\" \/>\n<meta name=\"twitter:creator\" content=\"@TransparenciaAL\" \/>\n<meta name=\"twitter:site\" content=\"@TransparenciaAL\" \/>\n<meta name=\"twitter:label1\" content=\"Escrito por\" \/>\n\t<meta name=\"twitter:data1\" content=\"Transparencia Electoral\" \/>\n\t<meta name=\"twitter:label2\" content=\"Tiempo de lectura\" \/>\n\t<meta name=\"twitter:data2\" content=\"2 minutos\" \/>\n<script type=\"application\/ld+json\" class=\"yoast-schema-graph\">{\"@context\":\"https:\\\/\\\/schema.org\",\"@graph\":[{\"@type\":\"Article\",\"@id\":\"https:\\\/\\\/transparenciaelectoral.org\\\/blog\\\/libro-asi-se-vota-en-cuba\\\/#article\",\"isPartOf\":{\"@id\":\"https:\\\/\\\/transparenciaelectoral.org\\\/blog\\\/libro-asi-se-vota-en-cuba\\\/\"},\"author\":{\"name\":\"Transparencia Electoral\",\"@id\":\"https:\\\/\\\/transparenciaelectoral.org\\\/blog\\\/#\\\/schema\\\/person\\\/63a97f81afd2c3820c6d9f262e27fe50\"},\"headline\":\"Libro \u00abAs\u00ed se vota en Cuba\u00bb\",\"datePublished\":\"2024-04-24T23:23:37+00:00\",\"dateModified\":\"2025-07-27T04:53:26+00:00\",\"mainEntityOfPage\":{\"@id\":\"https:\\\/\\\/transparenciaelectoral.org\\\/blog\\\/libro-asi-se-vota-en-cuba\\\/\"},\"wordCount\":260,\"image\":{\"@id\":\"https:\\\/\\\/transparenciaelectoral.org\\\/blog\\\/libro-asi-se-vota-en-cuba\\\/#primaryimage\"},\"thumbnailUrl\":\"https:\\\/\\\/transparenciaelectoral.org\\\/blog\\\/wp-content\\\/uploads\\\/2024\\\/01\\\/l2-1.png\",\"articleSection\":[\"Documentos de Inter\u00e9s\"],\"inLanguage\":\"es\"},{\"@type\":\"WebPage\",\"@id\":\"https:\\\/\\\/transparenciaelectoral.org\\\/blog\\\/libro-asi-se-vota-en-cuba\\\/\",\"url\":\"https:\\\/\\\/transparenciaelectoral.org\\\/blog\\\/libro-asi-se-vota-en-cuba\\\/\",\"name\":\"Libro \\\"As\u00ed se vota en Cuba\\\" - Transparencia Electoral\",\"isPartOf\":{\"@id\":\"https:\\\/\\\/transparenciaelectoral.org\\\/blog\\\/#website\"},\"primaryImageOfPage\":{\"@id\":\"https:\\\/\\\/transparenciaelectoral.org\\\/blog\\\/libro-asi-se-vota-en-cuba\\\/#primaryimage\"},\"image\":{\"@id\":\"https:\\\/\\\/transparenciaelectoral.org\\\/blog\\\/libro-asi-se-vota-en-cuba\\\/#primaryimage\"},\"thumbnailUrl\":\"https:\\\/\\\/transparenciaelectoral.org\\\/blog\\\/wp-content\\\/uploads\\\/2024\\\/01\\\/l2-1.png\",\"datePublished\":\"2024-04-24T23:23:37+00:00\",\"dateModified\":\"2025-07-27T04:53:26+00:00\",\"author\":{\"@id\":\"https:\\\/\\\/transparenciaelectoral.org\\\/blog\\\/#\\\/schema\\\/person\\\/63a97f81afd2c3820c6d9f262e27fe50\"},\"breadcrumb\":{\"@id\":\"https:\\\/\\\/transparenciaelectoral.org\\\/blog\\\/libro-asi-se-vota-en-cuba\\\/#breadcrumb\"},\"inLanguage\":\"es\",\"potentialAction\":[{\"@type\":\"ReadAction\",\"target\":[\"https:\\\/\\\/transparenciaelectoral.org\\\/blog\\\/libro-asi-se-vota-en-cuba\\\/\"]}]},{\"@type\":\"ImageObject\",\"inLanguage\":\"es\",\"@id\":\"https:\\\/\\\/transparenciaelectoral.org\\\/blog\\\/libro-asi-se-vota-en-cuba\\\/#primaryimage\",\"url\":\"https:\\\/\\\/transparenciaelectoral.org\\\/blog\\\/wp-content\\\/uploads\\\/2024\\\/01\\\/l2-1.png\",\"contentUrl\":\"https:\\\/\\\/transparenciaelectoral.org\\\/blog\\\/wp-content\\\/uploads\\\/2024\\\/01\\\/l2-1.png\",\"width\":1080,\"height\":1080},{\"@type\":\"BreadcrumbList\",\"@id\":\"https:\\\/\\\/transparenciaelectoral.org\\\/blog\\\/libro-asi-se-vota-en-cuba\\\/#breadcrumb\",\"itemListElement\":[{\"@type\":\"ListItem\",\"position\":1,\"name\":\"Portada\",\"item\":\"https:\\\/\\\/transparenciaelectoral.org\\\/blog\\\/\"},{\"@type\":\"ListItem\",\"position\":2,\"name\":\"Libro \u00abAs\u00ed se vota en Cuba\u00bb\"}]},{\"@type\":\"WebSite\",\"@id\":\"https:\\\/\\\/transparenciaelectoral.org\\\/blog\\\/#website\",\"url\":\"https:\\\/\\\/transparenciaelectoral.org\\\/blog\\\/\",\"name\":\"Transparencia Electoral\",\"description\":\"\",\"potentialAction\":[{\"@type\":\"SearchAction\",\"target\":{\"@type\":\"EntryPoint\",\"urlTemplate\":\"https:\\\/\\\/transparenciaelectoral.org\\\/blog\\\/?s={search_term_string}\"},\"query-input\":{\"@type\":\"PropertyValueSpecification\",\"valueRequired\":true,\"valueName\":\"search_term_string\"}}],\"inLanguage\":\"es\"},{\"@type\":\"Person\",\"@id\":\"https:\\\/\\\/transparenciaelectoral.org\\\/blog\\\/#\\\/schema\\\/person\\\/63a97f81afd2c3820c6d9f262e27fe50\",\"name\":\"Transparencia Electoral\",\"sameAs\":[\"https:\\\/\\\/transparenciaelectoral.org\\\/blog\\\/\"]}]}<\/script>\n<!-- \/ Yoast SEO plugin. -->","yoast_head_json":{"title":"Libro \"As\u00ed se vota en Cuba\" - Transparencia Electoral","robots":{"index":"index","follow":"follow","max-snippet":"max-snippet:-1","max-image-preview":"max-image-preview:large","max-video-preview":"max-video-preview:-1"},"canonical":"https:\/\/transparenciaelectoral.org\/blog\/libro-asi-se-vota-en-cuba\/","og_locale":"es_ES","og_type":"article","og_title":"Libro \"As\u00ed se vota en Cuba\" - Transparencia Electoral","og_description":"En esta obra, Leandro Querido, fundador de Transparencia Electoral, ofrece un profundo an\u00e1lisis del sistema electoral cubano en el marco del proceso electoral de la isla en 2017 y 2018, que permite votar, pero no elegir. Una normativa dise\u00f1ada a la medida de los objetivos del r\u00e9gimen, que no admite competencia partidaria m\u00e1s all\u00e1 del &hellip;","og_url":"https:\/\/transparenciaelectoral.org\/blog\/libro-asi-se-vota-en-cuba\/","og_site_name":"Transparencia Electoral","article_publisher":"https:\/\/www.facebook.com\/Transparencia-Electoral-en-Am%c3%a9rica-latina-171661009688456\/","article_published_time":"2024-04-24T23:23:37+00:00","article_modified_time":"2025-07-27T04:53:26+00:00","og_image":[{"width":1080,"height":1080,"url":"https:\/\/transparenciaelectoral.org\/blog\/wp-content\/uploads\/2024\/01\/l2-1.png","type":"image\/png"}],"author":"Transparencia Electoral","twitter_card":"summary_large_image","twitter_creator":"@TransparenciaAL","twitter_site":"@TransparenciaAL","twitter_misc":{"Escrito por":"Transparencia Electoral","Tiempo de lectura":"2 minutos"},"schema":{"@context":"https:\/\/schema.org","@graph":[{"@type":"Article","@id":"https:\/\/transparenciaelectoral.org\/blog\/libro-asi-se-vota-en-cuba\/#article","isPartOf":{"@id":"https:\/\/transparenciaelectoral.org\/blog\/libro-asi-se-vota-en-cuba\/"},"author":{"name":"Transparencia Electoral","@id":"https:\/\/transparenciaelectoral.org\/blog\/#\/schema\/person\/63a97f81afd2c3820c6d9f262e27fe50"},"headline":"Libro \u00abAs\u00ed se vota en Cuba\u00bb","datePublished":"2024-04-24T23:23:37+00:00","dateModified":"2025-07-27T04:53:26+00:00","mainEntityOfPage":{"@id":"https:\/\/transparenciaelectoral.org\/blog\/libro-asi-se-vota-en-cuba\/"},"wordCount":260,"image":{"@id":"https:\/\/transparenciaelectoral.org\/blog\/libro-asi-se-vota-en-cuba\/#primaryimage"},"thumbnailUrl":"https:\/\/transparenciaelectoral.org\/blog\/wp-content\/uploads\/2024\/01\/l2-1.png","articleSection":["Documentos de Inter\u00e9s"],"inLanguage":"es"},{"@type":"WebPage","@id":"https:\/\/transparenciaelectoral.org\/blog\/libro-asi-se-vota-en-cuba\/","url":"https:\/\/transparenciaelectoral.org\/blog\/libro-asi-se-vota-en-cuba\/","name":"Libro \"As\u00ed se vota en Cuba\" - Transparencia Electoral","isPartOf":{"@id":"https:\/\/transparenciaelectoral.org\/blog\/#website"},"primaryImageOfPage":{"@id":"https:\/\/transparenciaelectoral.org\/blog\/libro-asi-se-vota-en-cuba\/#primaryimage"},"image":{"@id":"https:\/\/transparenciaelectoral.org\/blog\/libro-asi-se-vota-en-cuba\/#primaryimage"},"thumbnailUrl":"https:\/\/transparenciaelectoral.org\/blog\/wp-content\/uploads\/2024\/01\/l2-1.png","datePublished":"2024-04-24T23:23:37+00:00","dateModified":"2025-07-27T04:53:26+00:00","author":{"@id":"https:\/\/transparenciaelectoral.org\/blog\/#\/schema\/person\/63a97f81afd2c3820c6d9f262e27fe50"},"breadcrumb":{"@id":"https:\/\/transparenciaelectoral.org\/blog\/libro-asi-se-vota-en-cuba\/#breadcrumb"},"inLanguage":"es","potentialAction":[{"@type":"ReadAction","target":["https:\/\/transparenciaelectoral.org\/blog\/libro-asi-se-vota-en-cuba\/"]}]},{"@type":"ImageObject","inLanguage":"es","@id":"https:\/\/transparenciaelectoral.org\/blog\/libro-asi-se-vota-en-cuba\/#primaryimage","url":"https:\/\/transparenciaelectoral.org\/blog\/wp-content\/uploads\/2024\/01\/l2-1.png","contentUrl":"https:\/\/transparenciaelectoral.org\/blog\/wp-content\/uploads\/2024\/01\/l2-1.png","width":1080,"height":1080},{"@type":"BreadcrumbList","@id":"https:\/\/transparenciaelectoral.org\/blog\/libro-asi-se-vota-en-cuba\/#breadcrumb","itemListElement":[{"@type":"ListItem","position":1,"name":"Portada","item":"https:\/\/transparenciaelectoral.org\/blog\/"},{"@type":"ListItem","position":2,"name":"Libro \u00abAs\u00ed se vota en Cuba\u00bb"}]},{"@type":"WebSite","@id":"https:\/\/transparenciaelectoral.org\/blog\/#website","url":"https:\/\/transparenciaelectoral.org\/blog\/","name":"Transparencia Electoral","description":"","potentialAction":[{"@type":"SearchAction","target":{"@type":"EntryPoint","urlTemplate":"https:\/\/transparenciaelectoral.org\/blog\/?s={search_term_string}"},"query-input":{"@type":"PropertyValueSpecification","valueRequired":true,"valueName":"search_term_string"}}],"inLanguage":"es"},{"@type":"Person","@id":"https:\/\/transparenciaelectoral.org\/blog\/#\/schema\/person\/63a97f81afd2c3820c6d9f262e27fe50","name":"Transparencia Electoral","sameAs":["https:\/\/transparenciaelectoral.org\/blog\/"]}]}},"_links":{"self":[{"href":"https:\/\/transparenciaelectoral.org\/blog\/wp-json\/wp\/v2\/posts\/10398","targetHints":{"allow":["GET"]}}],"collection":[{"href":"https:\/\/transparenciaelectoral.org\/blog\/wp-json\/wp\/v2\/posts"}],"about":[{"href":"https:\/\/transparenciaelectoral.org\/blog\/wp-json\/wp\/v2\/types\/post"}],"author":[{"embeddable":true,"href":"https:\/\/transparenciaelectoral.org\/blog\/wp-json\/wp\/v2\/users\/6"}],"replies":[{"embeddable":true,"href":"https:\/\/transparenciaelectoral.org\/blog\/wp-json\/wp\/v2\/comments?post=10398"}],"version-history":[{"count":1,"href":"https:\/\/transparenciaelectoral.org\/blog\/wp-json\/wp\/v2\/posts\/10398\/revisions"}],"predecessor-version":[{"id":10399,"href":"https:\/\/transparenciaelectoral.org\/blog\/wp-json\/wp\/v2\/posts\/10398\/revisions\/10399"}],"wp:featuredmedia":[{"embeddable":true,"href":"https:\/\/transparenciaelectoral.org\/blog\/wp-json\/wp\/v2\/media\/10009"}],"wp:attachment":[{"href":"https:\/\/transparenciaelectoral.org\/blog\/wp-json\/wp\/v2\/media?parent=10398"}],"wp:term":[{"taxonomy":"category","embeddable":true,"href":"https:\/\/transparenciaelectoral.org\/blog\/wp-json\/wp\/v2\/categories?post=10398"},{"taxonomy":"post_tag","embeddable":true,"href":"https:\/\/transparenciaelectoral.org\/blog\/wp-json\/wp\/v2\/tags?post=10398"}],"curies":[{"name":"wp","href":"https:\/\/api.w.org\/{rel}","templated":true}]}}