{"id":10102,"date":"2024-01-22T15:50:47","date_gmt":"2024-01-22T18:50:47","guid":{"rendered":"https:\/\/transparenciaelectoral.org\/blog\/?p=10102"},"modified":"2025-07-27T01:53:27","modified_gmt":"2025-07-27T04:53:27","slug":"mas-de-230-organizaciones-de-sociedad-civil-expresan-su-preocupacion-por-el-cierre-del-espacio-civico-en-venezuela","status":"publish","type":"post","link":"https:\/\/transparenciaelectoral.org\/blog\/mas-de-230-organizaciones-de-sociedad-civil-expresan-su-preocupacion-por-el-cierre-del-espacio-civico-en-venezuela\/","title":{"rendered":"M\u00e1s de 230 organizaciones de sociedad civil expresan su preocupaci\u00f3n por el cierre del espacio c\u00edvico en Venezuela"},"content":{"rendered":"\t\t<div data-elementor-type=\"wp-post\" data-elementor-id=\"10102\" class=\"elementor elementor-10102\">\n\t\t\t\t\t\t<section class=\"elementor-section elementor-top-section elementor-element elementor-element-e81f88 elementor-section-boxed elementor-section-height-default elementor-section-height-default\" data-id=\"e81f88\" data-element_type=\"section\" data-e-type=\"section\">\n\t\t\t\t\t\t<div class=\"elementor-container elementor-column-gap-default\">\n\t\t\t\t\t<div class=\"elementor-column elementor-col-100 elementor-top-column elementor-element elementor-element-334128df\" data-id=\"334128df\" data-element_type=\"column\" data-e-type=\"column\">\n\t\t\t<div class=\"elementor-widget-wrap elementor-element-populated\">\n\t\t\t\t\t\t<div class=\"elementor-element elementor-element-3c02520b elementor-widget elementor-widget-text-editor\" data-id=\"3c02520b\" data-element_type=\"widget\" data-e-type=\"widget\" data-widget_type=\"text-editor.default\">\n\t\t\t\t<div class=\"elementor-widget-container\">\n\t\t\t\t\t\t\t\t\t<p>Transparencia Electoral junto a m\u00e1s de 230 organizaciones de la sociedad civil firm\u00e1n comunicado conjunto en rechazo a la <strong>Ley de Fiscalizaci\u00f3n, Regularizaci\u00f3n, Actuaci\u00f3n y Financiamiento de las Organizaciones No Gubernamentales y Afines<\/strong> reactivada por la Asamblea Nacional (AN) a trav\u00e9s de un aparente proceso de consulta p\u00fablica con el fin de llegar a su posible aprobaci\u00f3n, a pesar de que durante el a\u00f1o 2023 el Estado recibi\u00f3 fundamentadas y numerosas objeciones de la comunidad internacional sobre la improcedencia de esta ley, por su car\u00e1cter abiertamente violatorio del derecho a la libertad de asociaci\u00f3n y otros derechos humanos, ya que ocasionar\u00eda el cierre definitivo y la militarizaci\u00f3n del espacio c\u00edvico y da\u00f1os irreparables a los derechos de la poblaci\u00f3n y al tejido de la sociedad venezolana.&nbsp;<\/p>\t\t\t\t\t\t\t\t<\/div>\n\t\t\t\t<\/div>\n\t\t\t\t<div class=\"elementor-element elementor-element-c9fd601 elementor-align-center elementor-widget elementor-widget-button\" data-id=\"c9fd601\" data-element_type=\"widget\" data-e-type=\"widget\" data-widget_type=\"button.default\">\n\t\t\t\t<div class=\"elementor-widget-container\">\n\t\t\t\t\t\t\t\t\t<div class=\"elementor-button-wrapper\">\n\t\t\t\t\t<a class=\"elementor-button elementor-button-link elementor-size-sm\" href=\"https:\/\/transparenciaelectoral.org\/blog\/wp-content\/uploads\/2024\/01\/Comunicado-conjunto-Ley-ONG-Enero-2023-SociedadInhabilitada.pdf\">\n\t\t\t\t\t\t<span class=\"elementor-button-content-wrapper\">\n\t\t\t\t\t\t\t\t\t<span class=\"elementor-button-text\">Descargar<\/span>\n\t\t\t\t\t<\/span>\n\t\t\t\t\t<\/a>\n\t\t\t\t<\/div>\n\t\t\t\t\t\t\t\t<\/div>\n\t\t\t\t<\/div>\n\t\t\t\t\t<\/div>\n\t\t<\/div>\n\t\t\t\t\t<\/div>\n\t\t<\/section>\n\t\t\t\t<\/div>\n\t\t","protected":false},"excerpt":{"rendered":"<p>Transparencia Electoral junto a m\u00e1s de 230 organizaciones de la sociedad civil firm\u00e1n comunicado conjunto en rechazo a la Ley de Fiscalizaci\u00f3n, Regularizaci\u00f3n, Actuaci\u00f3n y Financiamiento de las Organizaciones No Gubernamentales y Afines reactivada por la Asamblea Nacional (AN) a trav\u00e9s de un aparente proceso de consulta p\u00fablica con el fin de llegar a su &hellip;<\/p>\n","protected":false},"author":6,"featured_media":0,"comment_status":"closed","ping_status":"open","sticky":false,"template":"","format":"standard","meta":{"footnotes":""},"categories":[100],"tags":[],"class_list":["post-10102","post","type-post","status-publish","format-standard","has-post-thumbnail","hentry","category-noticias"],"yoast_head":"<!-- This site is optimized with the Yoast SEO plugin v27.4 - https:\/\/yoast.com\/product\/yoast-seo-wordpress\/ -->\n<title>M\u00e1s de 230 organizaciones de sociedad civil expresan su preocupaci\u00f3n por el cierre del espacio c\u00edvico en Venezuela - Transparencia Electoral<\/title>\n<meta name=\"robots\" content=\"index, follow, max-snippet:-1, max-image-preview:large, max-video-preview:-1\" \/>\n<link rel=\"canonical\" href=\"https:\/\/transparenciaelectoral.org\/blog\/mas-de-230-organizaciones-de-sociedad-civil-expresan-su-preocupacion-por-el-cierre-del-espacio-civico-en-venezuela\/\" \/>\n<meta property=\"og:locale\" content=\"es_ES\" \/>\n<meta property=\"og:type\" content=\"article\" \/>\n<meta property=\"og:title\" content=\"M\u00e1s de 230 organizaciones de sociedad civil expresan su preocupaci\u00f3n por el cierre del espacio c\u00edvico en Venezuela - Transparencia Electoral\" \/>\n<meta property=\"og:description\" content=\"Transparencia Electoral junto a m\u00e1s de 230 organizaciones de la sociedad civil firm\u00e1n comunicado conjunto en rechazo a la Ley de Fiscalizaci\u00f3n, Regularizaci\u00f3n, Actuaci\u00f3n y Financiamiento de las Organizaciones No Gubernamentales y Afines reactivada por la Asamblea Nacional (AN) a trav\u00e9s de un aparente proceso de consulta p\u00fablica con el fin de llegar a su &hellip;\" \/>\n<meta property=\"og:url\" content=\"https:\/\/transparenciaelectoral.org\/blog\/mas-de-230-organizaciones-de-sociedad-civil-expresan-su-preocupacion-por-el-cierre-del-espacio-civico-en-venezuela\/\" \/>\n<meta property=\"og:site_name\" content=\"Transparencia Electoral\" \/>\n<meta property=\"article:publisher\" content=\"https:\/\/www.facebook.com\/Transparencia-Electoral-en-Am%c3%a9rica-latina-171661009688456\/\" \/>\n<meta property=\"article:published_time\" content=\"2024-01-22T18:50:47+00:00\" \/>\n<meta property=\"article:modified_time\" content=\"2025-07-27T04:53:27+00:00\" \/>\n<meta name=\"author\" content=\"Transparencia Electoral\" \/>\n<meta name=\"twitter:card\" content=\"summary_large_image\" \/>\n<meta name=\"twitter:creator\" content=\"@TransparenciaAL\" \/>\n<meta name=\"twitter:site\" content=\"@TransparenciaAL\" \/>\n<meta name=\"twitter:label1\" content=\"Escrito por\" \/>\n\t<meta name=\"twitter:data1\" content=\"Transparencia Electoral\" \/>\n\t<meta name=\"twitter:label2\" content=\"Tiempo de lectura\" \/>\n\t<meta name=\"twitter:data2\" content=\"1 minuto\" \/>\n<script type=\"application\/ld+json\" class=\"yoast-schema-graph\">{\"@context\":\"https:\\\/\\\/schema.org\",\"@graph\":[{\"@type\":\"Article\",\"@id\":\"https:\\\/\\\/transparenciaelectoral.org\\\/blog\\\/mas-de-230-organizaciones-de-sociedad-civil-expresan-su-preocupacion-por-el-cierre-del-espacio-civico-en-venezuela\\\/#article\",\"isPartOf\":{\"@id\":\"https:\\\/\\\/transparenciaelectoral.org\\\/blog\\\/mas-de-230-organizaciones-de-sociedad-civil-expresan-su-preocupacion-por-el-cierre-del-espacio-civico-en-venezuela\\\/\"},\"author\":{\"name\":\"Transparencia Electoral\",\"@id\":\"https:\\\/\\\/transparenciaelectoral.org\\\/blog\\\/#\\\/schema\\\/person\\\/63a97f81afd2c3820c6d9f262e27fe50\"},\"headline\":\"M\u00e1s de 230 organizaciones de sociedad civil expresan su preocupaci\u00f3n por el cierre del espacio c\u00edvico en Venezuela\",\"datePublished\":\"2024-01-22T18:50:47+00:00\",\"dateModified\":\"2025-07-27T04:53:27+00:00\",\"mainEntityOfPage\":{\"@id\":\"https:\\\/\\\/transparenciaelectoral.org\\\/blog\\\/mas-de-230-organizaciones-de-sociedad-civil-expresan-su-preocupacion-por-el-cierre-del-espacio-civico-en-venezuela\\\/\"},\"wordCount\":162,\"articleSection\":[\"Noticias\"],\"inLanguage\":\"es\"},{\"@type\":\"WebPage\",\"@id\":\"https:\\\/\\\/transparenciaelectoral.org\\\/blog\\\/mas-de-230-organizaciones-de-sociedad-civil-expresan-su-preocupacion-por-el-cierre-del-espacio-civico-en-venezuela\\\/\",\"url\":\"https:\\\/\\\/transparenciaelectoral.org\\\/blog\\\/mas-de-230-organizaciones-de-sociedad-civil-expresan-su-preocupacion-por-el-cierre-del-espacio-civico-en-venezuela\\\/\",\"name\":\"M\u00e1s de 230 organizaciones de sociedad civil expresan su preocupaci\u00f3n por el cierre del espacio c\u00edvico en Venezuela - Transparencia Electoral\",\"isPartOf\":{\"@id\":\"https:\\\/\\\/transparenciaelectoral.org\\\/blog\\\/#website\"},\"datePublished\":\"2024-01-22T18:50:47+00:00\",\"dateModified\":\"2025-07-27T04:53:27+00:00\",\"author\":{\"@id\":\"https:\\\/\\\/transparenciaelectoral.org\\\/blog\\\/#\\\/schema\\\/person\\\/63a97f81afd2c3820c6d9f262e27fe50\"},\"breadcrumb\":{\"@id\":\"https:\\\/\\\/transparenciaelectoral.org\\\/blog\\\/mas-de-230-organizaciones-de-sociedad-civil-expresan-su-preocupacion-por-el-cierre-del-espacio-civico-en-venezuela\\\/#breadcrumb\"},\"inLanguage\":\"es\",\"potentialAction\":[{\"@type\":\"ReadAction\",\"target\":[\"https:\\\/\\\/transparenciaelectoral.org\\\/blog\\\/mas-de-230-organizaciones-de-sociedad-civil-expresan-su-preocupacion-por-el-cierre-del-espacio-civico-en-venezuela\\\/\"]}]},{\"@type\":\"BreadcrumbList\",\"@id\":\"https:\\\/\\\/transparenciaelectoral.org\\\/blog\\\/mas-de-230-organizaciones-de-sociedad-civil-expresan-su-preocupacion-por-el-cierre-del-espacio-civico-en-venezuela\\\/#breadcrumb\",\"itemListElement\":[{\"@type\":\"ListItem\",\"position\":1,\"name\":\"Portada\",\"item\":\"https:\\\/\\\/transparenciaelectoral.org\\\/blog\\\/\"},{\"@type\":\"ListItem\",\"position\":2,\"name\":\"M\u00e1s de 230 organizaciones de sociedad civil expresan su preocupaci\u00f3n por el cierre del espacio c\u00edvico en Venezuela\"}]},{\"@type\":\"WebSite\",\"@id\":\"https:\\\/\\\/transparenciaelectoral.org\\\/blog\\\/#website\",\"url\":\"https:\\\/\\\/transparenciaelectoral.org\\\/blog\\\/\",\"name\":\"Transparencia Electoral\",\"description\":\"\",\"potentialAction\":[{\"@type\":\"SearchAction\",\"target\":{\"@type\":\"EntryPoint\",\"urlTemplate\":\"https:\\\/\\\/transparenciaelectoral.org\\\/blog\\\/?s={search_term_string}\"},\"query-input\":{\"@type\":\"PropertyValueSpecification\",\"valueRequired\":true,\"valueName\":\"search_term_string\"}}],\"inLanguage\":\"es\"},{\"@type\":\"Person\",\"@id\":\"https:\\\/\\\/transparenciaelectoral.org\\\/blog\\\/#\\\/schema\\\/person\\\/63a97f81afd2c3820c6d9f262e27fe50\",\"name\":\"Transparencia Electoral\",\"sameAs\":[\"https:\\\/\\\/transparenciaelectoral.org\\\/blog\\\/\"]}]}<\/script>\n<!-- \/ Yoast SEO plugin. -->","yoast_head_json":{"title":"M\u00e1s de 230 organizaciones de sociedad civil expresan su preocupaci\u00f3n por el cierre del espacio c\u00edvico en Venezuela - Transparencia Electoral","robots":{"index":"index","follow":"follow","max-snippet":"max-snippet:-1","max-image-preview":"max-image-preview:large","max-video-preview":"max-video-preview:-1"},"canonical":"https:\/\/transparenciaelectoral.org\/blog\/mas-de-230-organizaciones-de-sociedad-civil-expresan-su-preocupacion-por-el-cierre-del-espacio-civico-en-venezuela\/","og_locale":"es_ES","og_type":"article","og_title":"M\u00e1s de 230 organizaciones de sociedad civil expresan su preocupaci\u00f3n por el cierre del espacio c\u00edvico en Venezuela - Transparencia Electoral","og_description":"Transparencia Electoral junto a m\u00e1s de 230 organizaciones de la sociedad civil firm\u00e1n comunicado conjunto en rechazo a la Ley de Fiscalizaci\u00f3n, Regularizaci\u00f3n, Actuaci\u00f3n y Financiamiento de las Organizaciones No Gubernamentales y Afines reactivada por la Asamblea Nacional (AN) a trav\u00e9s de un aparente proceso de consulta p\u00fablica con el fin de llegar a su &hellip;","og_url":"https:\/\/transparenciaelectoral.org\/blog\/mas-de-230-organizaciones-de-sociedad-civil-expresan-su-preocupacion-por-el-cierre-del-espacio-civico-en-venezuela\/","og_site_name":"Transparencia Electoral","article_publisher":"https:\/\/www.facebook.com\/Transparencia-Electoral-en-Am%c3%a9rica-latina-171661009688456\/","article_published_time":"2024-01-22T18:50:47+00:00","article_modified_time":"2025-07-27T04:53:27+00:00","author":"Transparencia Electoral","twitter_card":"summary_large_image","twitter_creator":"@TransparenciaAL","twitter_site":"@TransparenciaAL","twitter_misc":{"Escrito por":"Transparencia Electoral","Tiempo de lectura":"1 minuto"},"schema":{"@context":"https:\/\/schema.org","@graph":[{"@type":"Article","@id":"https:\/\/transparenciaelectoral.org\/blog\/mas-de-230-organizaciones-de-sociedad-civil-expresan-su-preocupacion-por-el-cierre-del-espacio-civico-en-venezuela\/#article","isPartOf":{"@id":"https:\/\/transparenciaelectoral.org\/blog\/mas-de-230-organizaciones-de-sociedad-civil-expresan-su-preocupacion-por-el-cierre-del-espacio-civico-en-venezuela\/"},"author":{"name":"Transparencia Electoral","@id":"https:\/\/transparenciaelectoral.org\/blog\/#\/schema\/person\/63a97f81afd2c3820c6d9f262e27fe50"},"headline":"M\u00e1s de 230 organizaciones de sociedad civil expresan su preocupaci\u00f3n por el cierre del espacio c\u00edvico en Venezuela","datePublished":"2024-01-22T18:50:47+00:00","dateModified":"2025-07-27T04:53:27+00:00","mainEntityOfPage":{"@id":"https:\/\/transparenciaelectoral.org\/blog\/mas-de-230-organizaciones-de-sociedad-civil-expresan-su-preocupacion-por-el-cierre-del-espacio-civico-en-venezuela\/"},"wordCount":162,"articleSection":["Noticias"],"inLanguage":"es"},{"@type":"WebPage","@id":"https:\/\/transparenciaelectoral.org\/blog\/mas-de-230-organizaciones-de-sociedad-civil-expresan-su-preocupacion-por-el-cierre-del-espacio-civico-en-venezuela\/","url":"https:\/\/transparenciaelectoral.org\/blog\/mas-de-230-organizaciones-de-sociedad-civil-expresan-su-preocupacion-por-el-cierre-del-espacio-civico-en-venezuela\/","name":"M\u00e1s de 230 organizaciones de sociedad civil expresan su preocupaci\u00f3n por el cierre del espacio c\u00edvico en Venezuela - Transparencia Electoral","isPartOf":{"@id":"https:\/\/transparenciaelectoral.org\/blog\/#website"},"datePublished":"2024-01-22T18:50:47+00:00","dateModified":"2025-07-27T04:53:27+00:00","author":{"@id":"https:\/\/transparenciaelectoral.org\/blog\/#\/schema\/person\/63a97f81afd2c3820c6d9f262e27fe50"},"breadcrumb":{"@id":"https:\/\/transparenciaelectoral.org\/blog\/mas-de-230-organizaciones-de-sociedad-civil-expresan-su-preocupacion-por-el-cierre-del-espacio-civico-en-venezuela\/#breadcrumb"},"inLanguage":"es","potentialAction":[{"@type":"ReadAction","target":["https:\/\/transparenciaelectoral.org\/blog\/mas-de-230-organizaciones-de-sociedad-civil-expresan-su-preocupacion-por-el-cierre-del-espacio-civico-en-venezuela\/"]}]},{"@type":"BreadcrumbList","@id":"https:\/\/transparenciaelectoral.org\/blog\/mas-de-230-organizaciones-de-sociedad-civil-expresan-su-preocupacion-por-el-cierre-del-espacio-civico-en-venezuela\/#breadcrumb","itemListElement":[{"@type":"ListItem","position":1,"name":"Portada","item":"https:\/\/transparenciaelectoral.org\/blog\/"},{"@type":"ListItem","position":2,"name":"M\u00e1s de 230 organizaciones de sociedad civil expresan su preocupaci\u00f3n por el cierre del espacio c\u00edvico en Venezuela"}]},{"@type":"WebSite","@id":"https:\/\/transparenciaelectoral.org\/blog\/#website","url":"https:\/\/transparenciaelectoral.org\/blog\/","name":"Transparencia Electoral","description":"","potentialAction":[{"@type":"SearchAction","target":{"@type":"EntryPoint","urlTemplate":"https:\/\/transparenciaelectoral.org\/blog\/?s={search_term_string}"},"query-input":{"@type":"PropertyValueSpecification","valueRequired":true,"valueName":"search_term_string"}}],"inLanguage":"es"},{"@type":"Person","@id":"https:\/\/transparenciaelectoral.org\/blog\/#\/schema\/person\/63a97f81afd2c3820c6d9f262e27fe50","name":"Transparencia Electoral","sameAs":["https:\/\/transparenciaelectoral.org\/blog\/"]}]}},"_links":{"self":[{"href":"https:\/\/transparenciaelectoral.org\/blog\/wp-json\/wp\/v2\/posts\/10102","targetHints":{"allow":["GET"]}}],"collection":[{"href":"https:\/\/transparenciaelectoral.org\/blog\/wp-json\/wp\/v2\/posts"}],"about":[{"href":"https:\/\/transparenciaelectoral.org\/blog\/wp-json\/wp\/v2\/types\/post"}],"author":[{"embeddable":true,"href":"https:\/\/transparenciaelectoral.org\/blog\/wp-json\/wp\/v2\/users\/6"}],"replies":[{"embeddable":true,"href":"https:\/\/transparenciaelectoral.org\/blog\/wp-json\/wp\/v2\/comments?post=10102"}],"version-history":[{"count":6,"href":"https:\/\/transparenciaelectoral.org\/blog\/wp-json\/wp\/v2\/posts\/10102\/revisions"}],"predecessor-version":[{"id":10108,"href":"https:\/\/transparenciaelectoral.org\/blog\/wp-json\/wp\/v2\/posts\/10102\/revisions\/10108"}],"wp:attachment":[{"href":"https:\/\/transparenciaelectoral.org\/blog\/wp-json\/wp\/v2\/media?parent=10102"}],"wp:term":[{"taxonomy":"category","embeddable":true,"href":"https:\/\/transparenciaelectoral.org\/blog\/wp-json\/wp\/v2\/categories?post=10102"},{"taxonomy":"post_tag","embeddable":true,"href":"https:\/\/transparenciaelectoral.org\/blog\/wp-json\/wp\/v2\/tags?post=10102"}],"curies":[{"name":"wp","href":"https:\/\/api.w.org\/{rel}","templated":true}]}}